{
    "id": 69,
    "date": "2024-06-18T23:30:47",
    "date_gmt": "2024-06-18T23:30:47",
    "guid": {
        "rendered": "https:\/\/melindagroup.ro\/?page_id=69"
    },
    "modified": "2024-07-22T10:31:38",
    "modified_gmt": "2024-07-22T10:31:38",
    "slug": "description",
    "status": "publish",
    "type": "page",
    "link": "https:\/\/melindagroup.ro\/hu\/description\/",
    "title": {
        "rendered": "A p\u00e1ly\u00e1zati ki\u00edr\u00e1s"
    },
    "content": {
        "rendered": "<p>[et_pb_section fb_built=&#8221;1&#8243; admin_label=&#8221;Services&#8221; _builder_version=&#8221;4.19.2&#8243; _module_preset=&#8221;default&#8221; custom_padding=&#8221;8px|||||&#8221; collapsed=&#8221;on&#8221; global_colors_info=&#8221;{}&#8221;][et_pb_row _builder_version=&#8221;4.25.2&#8243; _module_preset=&#8221;default&#8221; custom_padding=&#8221;12px|||||&#8221; global_colors_info=&#8221;{}&#8221;][et_pb_column type=&#8221;4_4&#8243; _builder_version=&#8221;4.25.2&#8243; _module_preset=&#8221;default&#8221; global_colors_info=&#8221;{}&#8221;][et_pb_image src=&#8221;https:\/\/melindagroup.ro\/wp-content\/uploads\/2024\/06\/Melinda-rebranding-herader.webp&#8221; title_text=&#8221;Melinda rebranding herader&#8221; _builder_version=&#8221;4.25.2&#8243; _module_preset=&#8221;default&#8221; custom_padding=&#8221;0px|||||&#8221; global_colors_info=&#8221;{}&#8221;][\/et_pb_image][\/et_pb_column][\/et_pb_row][et_pb_row _builder_version=&#8221;4.19.2&#8243; _module_preset=&#8221;default&#8221; global_colors_info=&#8221;{}&#8221;][et_pb_column type=&#8221;4_4&#8243; _builder_version=&#8221;4.19.2&#8243; _module_preset=&#8221;default&#8221; global_colors_info=&#8221;{}&#8221;][et_pb_text _builder_version=&#8221;4.25.2&#8243; _module_preset=&#8221;41fc8a2d-e28d-4888-b27a-4cc710ee4192&#8243; header_font=&#8221;Sora|700|||||||&#8221; header_text_color=&#8221;#fcac00&#8243; global_colors_info=&#8221;{}&#8221;]<\/p>\n<h1>P\u00e1ly\u00e1zati ki\u00edr\u00e1s<\/h1>\n<p>[\/et_pb_text][\/et_pb_column][\/et_pb_row][et_pb_row _builder_version=&#8221;4.25.2&#8243; _module_preset=&#8221;default&#8221; global_colors_info=&#8221;{}&#8221;][et_pb_column type=&#8221;4_4&#8243; _builder_version=&#8221;4.19.2&#8243; _module_preset=&#8221;default&#8221; global_colors_info=&#8221;{}&#8221;][et_pb_text _builder_version=&#8221;4.25.2&#8243; _module_preset=&#8221;ae429d57-2cf1-4ce3-8376-01f1161fd7be&#8221; global_colors_info=&#8221;{}&#8221;]<\/p>\n<p>A Melinda C\u00e9gcsoport tervez\u0151i p\u00e1ly\u00e1zatot hirdet a c\u00e9gcsoporthoz tartoz\u00f3 m\u00e1rkanevek rebrandingj\u00e9nek elk\u00e9sz\u00edt\u00e9s\u00e9hez sz\u00fcks\u00e9ges elemek megtervez\u00e9s\u00e9re.<\/p>\n<p>A ki\u00edr\u00e1s h\u00e1rom k\u00fcl\u00f6nb\u00f6z\u0151 brandet foglal mag\u00e1ba: a Melinda Group \u00e9s a Melinda Steel eset\u00e9ben teljesen \u00faj, a r\u00e9git\u0151l f\u00fcggetlen elemek tervez\u00e9se sz\u00fcks\u00e9ges, m\u00edg a Melinda Instal eset\u00e9ben faceliftre van sz\u00fcks\u00e9g, \u00f6sszehangolva a csoporthoz tartoz\u00f3 m\u00e1rkanevek vizu\u00e1lis megjelen\u00edt\u00e9s\u00e9t. A p\u00e1lyamunka hordozza mag\u00e1ba a lehet\u0151s\u00e9get a c\u00e9gcsoport \u00e9rdekelts\u00e9geibe tartoz\u00f3 \u00fajabb \u00fczlet\u00e1gak beilleszt\u00e9s\u00e9re.<\/p>\n<p>Ezen p\u00e1ly\u00e1zattal c\u00e9lunk, hogy t\u00e1mogassuk a kreat\u00edv alkot\u00f3kat, tervez\u0151ket, illetve azokat, akik sz\u00edvesen kipr\u00f3b\u00e1ln\u00e1k magukat tervez\u0151k\u00e9nt, egy\u00fctt dolgozva egy j\u00f3l ismert c\u00e9gcsoport brandjein. A rebranding c\u00e9lja, hogy \u00fajabb fejezetet nyissunk v\u00e1llalataink sikert\u00f6rt\u00e9net\u00e9ben.<\/p>\n<p>A p\u00e1ly\u00e1zati munk\u00e1nak tartalmaznia kell h\u00e1rom log\u00f3tervet \u00e9s a csatolt dokumentumban meghat\u00e1rozott rebrandinghez sz\u00fcks\u00e9ges anyagokat. A csatolt dokumentumokban a brief r\u00e9szletes elemeit megtal\u00e1lj\u00e1k, amelyek pontos \u00fatmutat\u00e1st adnak a p\u00e1ly\u00e1zati munka elk\u00e9sz\u00edt\u00e9s\u00e9hez. (El\u0151nyt jelenthet egy\u00e9b extra seg\u00e9danyagok megtervez\u00e9se is.)<\/p>\n<p>A p\u00e1ly\u00e1zaton r\u00e9szt vehet minden 18. \u00e9let\u00e9v\u00e9t bet\u00f6lt\u00f6tt mag\u00e1nszem\u00e9ly vagy jogi szem\u00e9ly. A p\u00e1lyamunk\u00e1kat a marketing@melinda.ro email c\u00edmre v\u00e1rjuk PDF form\u00e1tumban, n\u00e9vvel \u00e9s el\u00e9rhet\u0151s\u00e9ggel ell\u00e1tva.<\/p>\n<p>A p\u00e1lyamunk\u00e1k bek\u00fcld\u00e9s\u00e9vel a Melinda C\u00e9gcsoporthoz tartoz\u00f3 jogi szem\u00e9lyekre \u00e1tsz\u00e1ll a munk\u00e1k tulajdonjoga.<\/p>\n<p>A be\u00e9rkezett terveket h\u00e9t tag\u00fa, szakmai zs\u0171ri fogja \u00e9rt\u00e9kelni a csatolt pontrendszer \u00e9s a szubjekt\u00edv v\u00e9lem\u00e9ny\u00fck alapj\u00e1n.<\/p>\n<p>Bek\u00fcld\u00e9si hat\u00e1rid\u0151: 2024 augusztus 30. 23:59<\/p>\n<p>Eredm\u00e9nyhirdet\u00e9s*: 2024 szeptember 30<\/p>\n<p><strong>D\u00edjak:<\/strong><\/p>\n<ul>\n<li><strong>F\u0151d\u00edj:<\/strong> 3.000 eur\u00f3 (Brutt\u00f3 \u00f6sszeg) + szerz\u0151d\u00e9s, amely a p\u00e1lyamunka alapj\u00e1n a teljes arculati tervez\u00e9s megb\u00edz\u00e1s\u00e1t mag\u00e1ba foglalja.<\/li>\n<li><strong>M\u00e1sodik d\u00edj:<\/strong> 1.500 eur\u00f3 (Brutt\u00f3 \u00f6sszeg)<\/li>\n<li><strong>Harmadik d\u00edj:<\/strong> 500 eur\u00f3 (Brutt\u00f3 \u00f6sszeg)<\/li>\n<\/ul>\n<p>[\/et_pb_text][\/et_pb_column][\/et_pb_row][et_pb_row column_structure=&#8221;1_4,1_4,1_4,1_4&#8243; _builder_version=&#8221;4.25.2&#8243; _module_preset=&#8221;default&#8221; global_colors_info=&#8221;{}&#8221;][et_pb_column type=&#8221;1_4&#8243; _builder_version=&#8221;4.25.2&#8243; _module_preset=&#8221;default&#8221; global_colors_info=&#8221;{}&#8221;][et_pb_button button_url=&#8221;\/description\/&#8221; button_text=&#8221;P\u00e1ly\u00e1zati ki\u00edr\u00e1s&#8221; button_alignment=&#8221;center&#8221; _builder_version=&#8221;4.25.2&#8243; _module_preset=&#8221;default&#8221; custom_button=&#8221;on&#8221; button_text_color=&#8221;#FFFFFF&#8221; button_bg_color=&#8221;#fcac00&#8243; button_border_width=&#8221;0px&#8221; button_border_radius=&#8221;0px&#8221; button_letter_spacing=&#8221;3px&#8221; button_font=&#8221;Sora|700|||||||&#8221; button_icon=&#8221;&#x68;||divi||400&#8243; global_colors_info=&#8221;{}&#8221;][\/et_pb_button][\/et_pb_column][et_pb_column type=&#8221;1_4&#8243; _builder_version=&#8221;4.25.2&#8243; _module_preset=&#8221;default&#8221; global_colors_info=&#8221;{}&#8221;][et_pb_button button_url=&#8221;https:\/\/melindagroup.ro\/wp-content\/uploads\/2024\/07\/20240722-Prezentacio-HU.pdf&#8221; url_new_window=&#8221;on&#8221; button_text=&#8221;H\u00e1tt\u00e9r-inform\u00e1ci\u00f3k&#8221; button_alignment=&#8221;center&#8221; _builder_version=&#8221;4.26.0&#8243; _module_preset=&#8221;default&#8221; custom_button=&#8221;on&#8221; button_text_color=&#8221;#FFFFFF&#8221; button_bg_color=&#8221;#fcac00&#8243; button_border_width=&#8221;0px&#8221; button_border_radius=&#8221;0px&#8221; button_font=&#8221;Sora|700|||||||&#8221; button_icon=&#8221;&#x68;||divi||400&#8243; hover_enabled=&#8221;0&#8243; global_colors_info=&#8221;{}&#8221; sticky_enabled=&#8221;0&#8243;][\/et_pb_button][\/et_pb_column][et_pb_column type=&#8221;1_4&#8243; _builder_version=&#8221;4.25.2&#8243; _module_preset=&#8221;default&#8221; global_colors_info=&#8221;{}&#8221;][et_pb_button button_url=&#8221;\/evaluation\/&#8221; button_text=&#8221;Elb\u00edr\u00e1l\u00e1si krit\u00e9riumok&#8221; button_alignment=&#8221;center&#8221; _builder_version=&#8221;4.25.2&#8243; _module_preset=&#8221;default&#8221; custom_button=&#8221;on&#8221; button_text_color=&#8221;#FFFFFF&#8221; button_bg_color=&#8221;#fcac00&#8243; button_border_width=&#8221;0px&#8221; button_border_radius=&#8221;0px&#8221; button_font=&#8221;Sora|700|||||||&#8221; button_icon=&#8221;&#x68;||divi||400&#8243; global_colors_info=&#8221;{}&#8221;][\/et_pb_button][\/et_pb_column][et_pb_column type=&#8221;1_4&#8243; _builder_version=&#8221;4.25.2&#8243; _module_preset=&#8221;default&#8221; global_colors_info=&#8221;{}&#8221;][et_pb_button button_url=&#8221;https:\/\/melindagroup.ro\/wp-content\/uploads\/2024\/07\/REGULAMENTUL-OFICIAL-AL-CONCURSULUI-Rebranding-Melinda-Group_20240611-X.pdf&#8221; url_new_window=&#8221;on&#8221; button_text=&#8221;Hivatalos szab\u00e1lyzat&#8221; button_alignment=&#8221;center&#8221; _builder_version=&#8221;4.26.0&#8243; _module_preset=&#8221;default&#8221; custom_button=&#8221;on&#8221; button_text_color=&#8221;#FFFFFF&#8221; button_bg_color=&#8221;#fcac00&#8243; button_border_width=&#8221;0px&#8221; button_border_radius=&#8221;0px&#8221; button_font=&#8221;Sora|700|||||||&#8221; button_icon=&#8221;&#x68;||divi||400&#8243; global_colors_info=&#8221;{}&#8221;][\/et_pb_button][\/et_pb_column][\/et_pb_row][et_pb_row _builder_version=&#8221;4.25.2&#8243; _module_preset=&#8221;default&#8221; global_colors_info=&#8221;{}&#8221;][et_pb_column type=&#8221;4_4&#8243; _builder_version=&#8221;4.25.2&#8243; _module_preset=&#8221;default&#8221; global_colors_info=&#8221;{}&#8221;][et_pb_countdown_timer title=&#8221;H\u00e1tral\u00e9v\u0151 id\u0151 a p\u00e1lyamunk\u00e1k lead\u00e1s\u00e1hoz:&#8221; date_time=&#8221;2024-08-30 23:59&#8243; _builder_version=&#8221;4.25.2&#8243; _module_preset=&#8221;default&#8221; header_font=&#8221;Sora|700|||||||&#8221; numbers_font=&#8221;Sora|700|||||||&#8221; label_font=&#8221;Sora||||||||&#8221; background_color=&#8221;#fcac00&#8243; numbers_font_size_tablet=&#8221;&#8221; numbers_font_size_phone=&#8221;24px&#8221; numbers_font_size_last_edited=&#8221;on|phone&#8221; custom_css_free_form=&#8221;.et_pb_countdown_timer .section.days p.value:first-letter {    ||font-size: 0px;   ||vertical-align: top ||}&#8221; global_colors_info=&#8221;{}&#8221;][\/et_pb_countdown_timer][\/et_pb_column][\/et_pb_row][\/et_pb_section]<\/p>",
        "protected": false
    },
    "excerpt": {
        "rendered": "<p>P\u00e1ly\u00e1zati ki\u00edr\u00e1sA Melinda C\u00e9gcsoport tervez\u0151i p\u00e1ly\u00e1zatot hirdet a c\u00e9gcsoporthoz tartoz\u00f3 m\u00e1rkanevek rebrandingj\u00e9nek elk\u00e9sz\u00edt\u00e9s\u00e9hez sz\u00fcks\u00e9ges elemek megtervez\u00e9s\u00e9re. A ki\u00edr\u00e1s h\u00e1rom k\u00fcl\u00f6nb\u00f6z\u0151 brandet foglal mag\u00e1ba: a Melinda Group \u00e9s a Melinda Steel eset\u00e9ben teljesen \u00faj, a r\u00e9git\u0151l f\u00fcggetlen elemek tervez\u00e9se sz\u00fcks\u00e9ges, m\u00edg a Melinda Instal eset\u00e9ben faceliftre van sz\u00fcks\u00e9g, \u00f6sszehangolva a csoporthoz tartoz\u00f3 m\u00e1rkanevek vizu\u00e1lis megjelen\u00edt\u00e9s\u00e9t. A [&hellip;]<\/p>",
        "protected": false
    },
    "author": 1,
    "featured_media": 0,
    "parent": 0,
    "menu_order": 0,
    "comment_status": "closed",
    "ping_status": "closed",
    "template": "",
    "meta": {
        "_et_pb_use_builder": "on",
        "_et_pb_old_content": "",
        "_et_gb_content_width": "",
        "footnotes": ""
    },
    "class_list": [
        "post-69",
        "page",
        "type-page",
        "status-publish",
        "hentry"
    ],
    "yoast_head": "<!-- This site is optimized with the Yoast SEO plugin v23.0 - https:\/\/yoast.com\/wordpress\/plugins\/seo\/ -->\n<title>A p\u00e1ly\u00e1zati ki\u00edr\u00e1s - Melinda Group<\/title>\n<meta name=\"robots\" content=\"index, follow, max-snippet:-1, max-image-preview:large, max-video-preview:-1\" \/>\n<link rel=\"canonical\" href=\"https:\/\/melindagroup.ro\/hu\/description\/\" \/>\n<meta property=\"og:locale\" content=\"hu_HU\" \/>\n<meta property=\"og:type\" content=\"article\" \/>\n<meta property=\"og:title\" content=\"A p\u00e1ly\u00e1zati ki\u00edr\u00e1s - Melinda Group\" \/>\n<meta property=\"og:description\" content=\"P\u00e1ly\u00e1zati ki\u00edr\u00e1sA Melinda C\u00e9gcsoport tervez\u0151i p\u00e1ly\u00e1zatot hirdet a c\u00e9gcsoporthoz tartoz\u00f3 m\u00e1rkanevek rebrandingj\u00e9nek elk\u00e9sz\u00edt\u00e9s\u00e9hez sz\u00fcks\u00e9ges elemek megtervez\u00e9s\u00e9re. A ki\u00edr\u00e1s h\u00e1rom k\u00fcl\u00f6nb\u00f6z\u0151 brandet foglal mag\u00e1ba: a Melinda Group \u00e9s a Melinda Steel eset\u00e9ben teljesen \u00faj, a r\u00e9git\u0151l f\u00fcggetlen elemek tervez\u00e9se sz\u00fcks\u00e9ges, m\u00edg a Melinda Instal eset\u00e9ben faceliftre van sz\u00fcks\u00e9g, \u00f6sszehangolva a csoporthoz tartoz\u00f3 m\u00e1rkanevek vizu\u00e1lis megjelen\u00edt\u00e9s\u00e9t. A [&hellip;]\" \/>\n<meta property=\"og:url\" content=\"https:\/\/melindagroup.ro\/hu\/description\/\" \/>\n<meta property=\"og:site_name\" content=\"Melinda Group\" \/>\n<meta property=\"article:publisher\" content=\"https:\/\/www.facebook.com\/melindainstal\" \/>\n<meta property=\"article:modified_time\" content=\"2024-07-22T10:31:38+00:00\" \/>\n<meta name=\"twitter:card\" content=\"summary_large_image\" \/>\n<meta name=\"twitter:label1\" content=\"Becs\u00fclt olvas\u00e1si id\u0151\" \/>\n\t<meta name=\"twitter:data1\" content=\"5 perc\" \/>\n<script type=\"application\/ld+json\" class=\"yoast-schema-graph\">{\"@context\":\"https:\/\/schema.org\",\"@graph\":[{\"@type\":\"WebPage\",\"@id\":\"https:\/\/melindagroup.ro\/hu\/description\/\",\"url\":\"https:\/\/melindagroup.ro\/hu\/description\/\",\"name\":\"A p\u00e1ly\u00e1zati ki\u00edr\u00e1s - Melinda Group\",\"isPartOf\":{\"@id\":\"https:\/\/melindagroup.ro\/ro\/#website\"},\"datePublished\":\"2024-06-18T23:30:47+00:00\",\"dateModified\":\"2024-07-22T10:31:38+00:00\",\"breadcrumb\":{\"@id\":\"https:\/\/melindagroup.ro\/hu\/description\/#breadcrumb\"},\"inLanguage\":\"hu\",\"potentialAction\":[{\"@type\":\"ReadAction\",\"target\":[\"https:\/\/melindagroup.ro\/hu\/description\/\"]}]},{\"@type\":\"BreadcrumbList\",\"@id\":\"https:\/\/melindagroup.ro\/hu\/description\/#breadcrumb\",\"itemListElement\":[{\"@type\":\"ListItem\",\"position\":1,\"name\":\"Home\",\"item\":\"https:\/\/melindagroup.ro\/hu\/\"},{\"@type\":\"ListItem\",\"position\":2,\"name\":\"A p\u00e1ly\u00e1zati ki\u00edr\u00e1s\"}]},{\"@type\":\"WebSite\",\"@id\":\"https:\/\/melindagroup.ro\/ro\/#website\",\"url\":\"https:\/\/melindagroup.ro\/ro\/\",\"name\":\"Melinda Group\",\"description\":\"Melinda Group Rebranding Design Contest\",\"publisher\":{\"@id\":\"https:\/\/melindagroup.ro\/ro\/#organization\"},\"potentialAction\":[{\"@type\":\"SearchAction\",\"target\":{\"@type\":\"EntryPoint\",\"urlTemplate\":\"https:\/\/melindagroup.ro\/ro\/?s={search_term_string}\"},\"query-input\":\"required name=search_term_string\"}],\"inLanguage\":\"hu\"},{\"@type\":\"Organization\",\"@id\":\"https:\/\/melindagroup.ro\/ro\/#organization\",\"name\":\"Melinda Group\",\"url\":\"https:\/\/melindagroup.ro\/ro\/\",\"logo\":{\"@type\":\"ImageObject\",\"inLanguage\":\"hu\",\"@id\":\"https:\/\/melindagroup.ro\/ro\/#\/schema\/logo\/image\/\",\"url\":\"https:\/\/melindagroup.ro\/wp-content\/uploads\/2024\/06\/logo.png\",\"contentUrl\":\"https:\/\/melindagroup.ro\/wp-content\/uploads\/2024\/06\/logo.png\",\"width\":400,\"height\":237,\"caption\":\"Melinda Group\"},\"image\":{\"@id\":\"https:\/\/melindagroup.ro\/ro\/#\/schema\/logo\/image\/\"},\"sameAs\":[\"https:\/\/www.facebook.com\/melindainstal\"]}]}<\/script>\n<!-- \/ Yoast SEO plugin. -->",
    "yoast_head_json": {
        "title": "A p\u00e1ly\u00e1zati ki\u00edr\u00e1s - Melinda Group",
        "robots": {
            "index": "index",
            "follow": "follow",
            "max-snippet": "max-snippet:-1",
            "max-image-preview": "max-image-preview:large",
            "max-video-preview": "max-video-preview:-1"
        },
        "canonical": "https:\/\/melindagroup.ro\/hu\/description\/",
        "og_locale": "hu_HU",
        "og_type": "article",
        "og_title": "A p\u00e1ly\u00e1zati ki\u00edr\u00e1s - Melinda Group",
        "og_description": "P\u00e1ly\u00e1zati ki\u00edr\u00e1sA Melinda C\u00e9gcsoport tervez\u0151i p\u00e1ly\u00e1zatot hirdet a c\u00e9gcsoporthoz tartoz\u00f3 m\u00e1rkanevek rebrandingj\u00e9nek elk\u00e9sz\u00edt\u00e9s\u00e9hez sz\u00fcks\u00e9ges elemek megtervez\u00e9s\u00e9re. A ki\u00edr\u00e1s h\u00e1rom k\u00fcl\u00f6nb\u00f6z\u0151 brandet foglal mag\u00e1ba: a Melinda Group \u00e9s a Melinda Steel eset\u00e9ben teljesen \u00faj, a r\u00e9git\u0151l f\u00fcggetlen elemek tervez\u00e9se sz\u00fcks\u00e9ges, m\u00edg a Melinda Instal eset\u00e9ben faceliftre van sz\u00fcks\u00e9g, \u00f6sszehangolva a csoporthoz tartoz\u00f3 m\u00e1rkanevek vizu\u00e1lis megjelen\u00edt\u00e9s\u00e9t. A [&hellip;]",
        "og_url": "https:\/\/melindagroup.ro\/hu\/description\/",
        "og_site_name": "Melinda Group",
        "article_publisher": "https:\/\/www.facebook.com\/melindainstal",
        "article_modified_time": "2024-07-22T10:31:38+00:00",
        "twitter_card": "summary_large_image",
        "twitter_misc": {
            "Becs\u00fclt olvas\u00e1si id\u0151": "5 perc"
        },
        "schema": {
            "@context": "https:\/\/schema.org",
            "@graph": [
                {
                    "@type": "WebPage",
                    "@id": "https:\/\/melindagroup.ro\/hu\/description\/",
                    "url": "https:\/\/melindagroup.ro\/hu\/description\/",
                    "name": "A p\u00e1ly\u00e1zati ki\u00edr\u00e1s - Melinda Group",
                    "isPartOf": {
                        "@id": "https:\/\/melindagroup.ro\/ro\/#website"
                    },
                    "datePublished": "2024-06-18T23:30:47+00:00",
                    "dateModified": "2024-07-22T10:31:38+00:00",
                    "breadcrumb": {
                        "@id": "https:\/\/melindagroup.ro\/hu\/description\/#breadcrumb"
                    },
                    "inLanguage": "hu",
                    "potentialAction": [
                        {
                            "@type": "ReadAction",
                            "target": [
                                "https:\/\/melindagroup.ro\/hu\/description\/"
                            ]
                        }
                    ]
                },
                {
                    "@type": "BreadcrumbList",
                    "@id": "https:\/\/melindagroup.ro\/hu\/description\/#breadcrumb",
                    "itemListElement": [
                        {
                            "@type": "ListItem",
                            "position": 1,
                            "name": "Home",
                            "item": "https:\/\/melindagroup.ro\/hu\/"
                        },
                        {
                            "@type": "ListItem",
                            "position": 2,
                            "name": "A p\u00e1ly\u00e1zati ki\u00edr\u00e1s"
                        }
                    ]
                },
                {
                    "@type": "WebSite",
                    "@id": "https:\/\/melindagroup.ro\/ro\/#website",
                    "url": "https:\/\/melindagroup.ro\/ro\/",
                    "name": "Melinda Group",
                    "description": "Melinda Group Rebranding Design Contest",
                    "publisher": {
                        "@id": "https:\/\/melindagroup.ro\/ro\/#organization"
                    },
                    "potentialAction": [
                        {
                            "@type": "SearchAction",
                            "target": {
                                "@type": "EntryPoint",
                                "urlTemplate": "https:\/\/melindagroup.ro\/ro\/?s={search_term_string}"
                            },
                            "query-input": "required name=search_term_string"
                        }
                    ],
                    "inLanguage": "hu"
                },
                {
                    "@type": "Organization",
                    "@id": "https:\/\/melindagroup.ro\/ro\/#organization",
                    "name": "Melinda Group",
                    "url": "https:\/\/melindagroup.ro\/ro\/",
                    "logo": {
                        "@type": "ImageObject",
                        "inLanguage": "hu",
                        "@id": "https:\/\/melindagroup.ro\/ro\/#\/schema\/logo\/image\/",
                        "url": "https:\/\/melindagroup.ro\/wp-content\/uploads\/2024\/06\/logo.png",
                        "contentUrl": "https:\/\/melindagroup.ro\/wp-content\/uploads\/2024\/06\/logo.png",
                        "width": 400,
                        "height": 237,
                        "caption": "Melinda Group"
                    },
                    "image": {
                        "@id": "https:\/\/melindagroup.ro\/ro\/#\/schema\/logo\/image\/"
                    },
                    "sameAs": [
                        "https:\/\/www.facebook.com\/melindainstal"
                    ]
                }
            ]
        }
    },
    "_links": {
        "self": [
            {
                "href": "https:\/\/melindagroup.ro\/hu\/wp-json\/wp\/v2\/pages\/69",
                "targetHints": {
                    "allow": [
                        "GET"
                    ]
                }
            }
        ],
        "collection": [
            {
                "href": "https:\/\/melindagroup.ro\/hu\/wp-json\/wp\/v2\/pages"
            }
        ],
        "about": [
            {
                "href": "https:\/\/melindagroup.ro\/hu\/wp-json\/wp\/v2\/types\/page"
            }
        ],
        "author": [
            {
                "embeddable": true,
                "href": "https:\/\/melindagroup.ro\/hu\/wp-json\/wp\/v2\/users\/1"
            }
        ],
        "replies": [
            {
                "embeddable": true,
                "href": "https:\/\/melindagroup.ro\/hu\/wp-json\/wp\/v2\/comments?post=69"
            }
        ],
        "version-history": [
            {
                "count": 17,
                "href": "https:\/\/melindagroup.ro\/hu\/wp-json\/wp\/v2\/pages\/69\/revisions"
            }
        ],
        "predecessor-version": [
            {
                "id": 286,
                "href": "https:\/\/melindagroup.ro\/hu\/wp-json\/wp\/v2\/pages\/69\/revisions\/286"
            }
        ],
        "wp:attachment": [
            {
                "href": "https:\/\/melindagroup.ro\/hu\/wp-json\/wp\/v2\/media?parent=69"
            }
        ],
        "curies": [
            {
                "name": "wp",
                "href": "https:\/\/api.w.org\/{rel}",
                "templated": true
            }
        ]
    }
}